{"id":26450,"date":"2025-11-11T08:40:05","date_gmt":"2025-11-11T06:40:05","guid":{"rendered":"https:\/\/feuerwehr-oedheim.de\/?p=26450"},"modified":"2025-11-11T08:43:13","modified_gmt":"2025-11-11T06:43:13","slug":"kameradschaftsabend-der-feuerwehr-oedheim","status":"publish","type":"post","link":"https:\/\/feuerwehr-oedheim.de\/index.php\/2025\/11\/11\/kameradschaftsabend-der-feuerwehr-oedheim\/","title":{"rendered":"Kameradschaftsabend der Feuerwehr Oedheim"},"content":{"rendered":"<p>Am 8. November 2025 fand der Kameradschaftsabend der Freiwilligen Feuerwehr Oedheim in der Kultur- und Festhalle Kochana statt. Kommandant Sven K\u00fcbler begr\u00fc\u00dfte zahlreiche G\u00e4ste, darunter B\u00fcrgermeister Matthias Schmitt, Vertreter des Gemeinderats sowie Ehrenmitglieder der Wehr.<\/p>\n<p>In seinem R\u00fcckblick berichtete K\u00fcbler von 48 Feuerwehreins\u00e4tzen und 249 HvO-Eins\u00e4tzen im vergangenen Jahr. Besonders erw\u00e4hnte er den Brand eines Batteriespeichers, einen Brand in einem Neubau, mehrere Unwettereins\u00e4tze sowie die Geburtsunterst\u00fctzung durch die HvO-Einheit. Auch die Jugendfeuerwehr war mit Aktionen wie der Tannenbaumsammlung, dem BF-Tag und einer \u00dcbernachtungsparty sehr aktiv. Ein H\u00f6hepunkt war die Austragung des Leistungsabzeichens (LAZ) in Oedheim, bei dem zwei Gruppen erfolgreich das Abzeichen in Gold erreichten.<\/p>\n<p>B\u00fcrgermeister Schmitt dankte in seiner Ansprache allen Einsatzkr\u00e4ften f\u00fcr ihr Engagement und hob den Fund einer Phosphorbombe auf dem Willenbacher Hof sowie die hervorragende Jugendarbeit hervor.<\/p>\n<p>Im Anschluss wurden zahlreiche Mitglieder f\u00fcr ihre Verdienste geehrt: F\u00fcr <strong>15 Jahre<\/strong> aktiven Dienst Mirko Janz, f\u00fcr <strong>25 Jahre<\/strong> Stefan Deckert und f\u00fcr <strong>40 Jahre<\/strong> Bernd Ehrhardt und G\u00fcnter Traub.<\/p>\n<p>Mit der <strong>Ehrennadel der Jugendfeuerwehr BW<\/strong> in Silber wurden Thomas Feeser, Andre Streuer, Julia Herold und Kevin Heise ausgezeichnet. Auch Jugendwart Patrick Fiedler erhielt diese Ehrung und wurde damit \u00fcberrascht.<\/p>\n<p>Eine besondere Ehrung erhielten Stefan Deckert und Sven Rathsam. Ihnen wurde die <strong>Ehrennadel des Kreisfeuerwehrverbands<\/strong> Heilbronn f\u00fcr ihre langj\u00e4hrigen und besonderen Verdienste verliehen. Als <strong>Partner der Feuerwehr<\/strong> wurden die Firmen csi entwicklungstechnik GmbH, Elektro Glaser und Enderer GmbH geehrt.<\/p>\n<p>F\u00fcr gute Stimmung sorgten ein Gedicht von Altersobmann Gerhard Leitz, ein medizinisches Quiz der HvO-Einheit sowie ein Feuerwehr-Quiz des 3. Zugs, das der 1. Zug f\u00fcr sich entscheiden konnte. Eine Tombola mit 148 Preisen rundete den gelungenen Abend ab, der in geselliger Runde an der Bar ausklang.<\/p>\n<p>\u00a0<\/p>\n<pre><em>Bericht: Nicole M\u00f6bus<\/em><\/pre>\n<p>_ _ _ _\u00a0<\/p>\n\n\n<div class=\"alignnormal\"><div id=\"metaslider-id-26452\" style=\"width: 100%;\" class=\"ml-slider-3-108-0 metaslider metaslider-flex metaslider-26452 ml-slider has-dots-nav ml-slider-lightbox-2-23-0 lightbox-disabled ms-theme-default-base\" role=\"region\" aria-label=\"Kameradschaftsabend 2025\" data-height=\"650\" data-width=\"900\">\n    <div id=\"metaslider_container_26452\">\n        <div id=\"metaslider_26452\">\n            <ul aria-live='off' class='slides'>\n                <li style=\"display: block; width: 100%;\" class=\"slide-26480 ms-image \" aria-roledescription=\"slide\" data-date=\"2025-11-11 08:26:04\" data-filename=\"IMG_20251108_182002-scaled-900x650.jpg\" data-slide-type=\"image\"><img loading=\"lazy\" decoding=\"async\" src=\"https:\/\/feuerwehr-oedheim.de\/wp-content\/uploads\/2025\/11\/IMG_20251108_182002-scaled-900x650.jpg\" height=\"650\" width=\"900\" alt=\"\" class=\"slider-26452 slide-26480 msDefaultImage\" title=\"IMG_20251108_182002\" \/><\/li>\n                <li style=\"display: none; width: 100%;\" class=\"slide-26479 ms-image \" aria-roledescription=\"slide\" data-date=\"2025-11-11 08:26:04\" data-filename=\"IMG_20251108_183509-scaled-900x650.jpg\" data-slide-type=\"image\"><img loading=\"lazy\" decoding=\"async\" src=\"https:\/\/feuerwehr-oedheim.de\/wp-content\/uploads\/2025\/11\/IMG_20251108_183509-scaled-900x650.jpg\" height=\"650\" width=\"900\" alt=\"\" class=\"slider-26452 slide-26479 msDefaultImage\" title=\"IMG_20251108_183509\" \/><\/li>\n                <li style=\"display: none; width: 100%;\" class=\"slide-26478 ms-image \" aria-roledescription=\"slide\" data-date=\"2025-11-11 08:26:04\" data-filename=\"IMG_20251108_184943-scaled-900x650.jpg\" data-slide-type=\"image\"><img loading=\"lazy\" decoding=\"async\" src=\"https:\/\/feuerwehr-oedheim.de\/wp-content\/uploads\/2025\/11\/IMG_20251108_184943-scaled-900x650.jpg\" height=\"650\" width=\"900\" alt=\"\" class=\"slider-26452 slide-26478 msDefaultImage\" title=\"IMG_20251108_184943\" \/><\/li>\n                <li style=\"display: none; width: 100%;\" class=\"slide-26477 ms-image \" aria-roledescription=\"slide\" data-date=\"2025-11-11 08:26:04\" data-filename=\"IMG_20251108_185611-scaled-900x650.jpg\" data-slide-type=\"image\"><img loading=\"lazy\" decoding=\"async\" src=\"https:\/\/feuerwehr-oedheim.de\/wp-content\/uploads\/2025\/11\/IMG_20251108_185611-scaled-900x650.jpg\" height=\"650\" width=\"900\" alt=\"\" class=\"slider-26452 slide-26477 msDefaultImage\" title=\"IMG_20251108_185611\" \/><\/li>\n                <li style=\"display: none; width: 100%;\" class=\"slide-26476 ms-image \" aria-roledescription=\"slide\" data-date=\"2025-11-11 08:26:04\" data-filename=\"IMG_20251109_161915-scaled-900x650.jpg\" data-slide-type=\"image\"><img loading=\"lazy\" decoding=\"async\" src=\"https:\/\/feuerwehr-oedheim.de\/wp-content\/uploads\/2025\/11\/IMG_20251109_161915-scaled-900x650.jpg\" height=\"650\" width=\"900\" alt=\"\" class=\"slider-26452 slide-26476 msDefaultImage\" title=\"IMG_20251109_161915\" \/><\/li>\n                <li style=\"display: none; width: 100%;\" class=\"slide-26474 ms-image \" aria-roledescription=\"slide\" data-date=\"2025-11-11 08:26:04\" data-filename=\"IMG_20251108_190255-scaled-900x650.jpg\" data-slide-type=\"image\"><img loading=\"lazy\" decoding=\"async\" src=\"https:\/\/feuerwehr-oedheim.de\/wp-content\/uploads\/2025\/11\/IMG_20251108_190255-scaled-900x650.jpg\" height=\"650\" width=\"900\" alt=\"\" class=\"slider-26452 slide-26474 msDefaultImage\" title=\"IMG_20251108_190255\" \/><\/li>\n                <li style=\"display: none; width: 100%;\" class=\"slide-26473 ms-image \" aria-roledescription=\"slide\" data-date=\"2025-11-11 08:26:04\" data-filename=\"IMG_20251108_190331-scaled-900x650.jpg\" data-slide-type=\"image\"><img loading=\"lazy\" decoding=\"async\" src=\"https:\/\/feuerwehr-oedheim.de\/wp-content\/uploads\/2025\/11\/IMG_20251108_190331-scaled-900x650.jpg\" height=\"650\" width=\"900\" alt=\"\" class=\"slider-26452 slide-26473 msDefaultImage\" title=\"IMG_20251108_190331\" \/><\/li>\n                <li style=\"display: none; width: 100%;\" class=\"slide-26475 ms-image \" aria-roledescription=\"slide\" data-date=\"2025-11-11 08:26:04\" data-filename=\"IMG_20251108_190212-scaled-900x650.jpg\" data-slide-type=\"image\"><img loading=\"lazy\" decoding=\"async\" src=\"https:\/\/feuerwehr-oedheim.de\/wp-content\/uploads\/2025\/11\/IMG_20251108_190212-scaled-900x650.jpg\" height=\"650\" width=\"900\" alt=\"\" class=\"slider-26452 slide-26475 msDefaultImage\" title=\"IMG_20251108_190212\" \/><\/li>\n                <li style=\"display: none; width: 100%;\" class=\"slide-26470 ms-image \" aria-roledescription=\"slide\" data-date=\"2025-11-11 08:26:04\" data-filename=\"IMG_20251108_203823-scaled-900x650.jpg\" data-slide-type=\"image\"><img loading=\"lazy\" decoding=\"async\" src=\"https:\/\/feuerwehr-oedheim.de\/wp-content\/uploads\/2025\/11\/IMG_20251108_203823-scaled-900x650.jpg\" height=\"650\" width=\"900\" alt=\"\" class=\"slider-26452 slide-26470 msDefaultImage\" title=\"IMG_20251108_203823\" \/><\/li>\n                <li style=\"display: none; width: 100%;\" class=\"slide-26469 ms-image \" aria-roledescription=\"slide\" data-date=\"2025-11-11 08:26:04\" data-filename=\"IMG_20251108_204350-scaled-900x650.jpg\" data-slide-type=\"image\"><img loading=\"lazy\" decoding=\"async\" src=\"https:\/\/feuerwehr-oedheim.de\/wp-content\/uploads\/2025\/11\/IMG_20251108_204350-scaled-900x650.jpg\" height=\"650\" width=\"900\" alt=\"\" class=\"slider-26452 slide-26469 msDefaultImage\" title=\"IMG_20251108_204350\" \/><\/li>\n                <li style=\"display: none; width: 100%;\" class=\"slide-26471 ms-image \" aria-roledescription=\"slide\" data-date=\"2025-11-11 08:26:04\" data-filename=\"IMG_20251108_193041-scaled-900x650.jpg\" data-slide-type=\"image\"><img loading=\"lazy\" decoding=\"async\" src=\"https:\/\/feuerwehr-oedheim.de\/wp-content\/uploads\/2025\/11\/IMG_20251108_193041-scaled-900x650.jpg\" height=\"650\" width=\"900\" alt=\"\" class=\"slider-26452 slide-26471 msDefaultImage\" title=\"IMG_20251108_193041\" \/><\/li>\n                <li style=\"display: none; width: 100%;\" class=\"slide-26468 ms-image \" aria-roledescription=\"slide\" data-date=\"2025-11-11 08:26:03\" data-filename=\"IMG_20251108_213405-scaled-900x650.jpg\" data-slide-type=\"image\"><img loading=\"lazy\" decoding=\"async\" src=\"https:\/\/feuerwehr-oedheim.de\/wp-content\/uploads\/2025\/11\/IMG_20251108_213405-scaled-900x650.jpg\" height=\"650\" width=\"900\" alt=\"\" class=\"slider-26452 slide-26468 msDefaultImage\" title=\"IMG_20251108_213405\" \/><\/li>\n                <li style=\"display: none; width: 100%;\" class=\"slide-26467 ms-image \" aria-roledescription=\"slide\" data-date=\"2025-11-11 08:26:03\" data-filename=\"IMG_20251108_223755-scaled-900x650.jpg\" data-slide-type=\"image\"><img loading=\"lazy\" decoding=\"async\" src=\"https:\/\/feuerwehr-oedheim.de\/wp-content\/uploads\/2025\/11\/IMG_20251108_223755-scaled-900x650.jpg\" height=\"650\" width=\"900\" alt=\"\" class=\"slider-26452 slide-26467 msDefaultImage\" title=\"IMG_20251108_223755\" \/><\/li>\n                <li style=\"display: none; width: 100%;\" class=\"slide-26472 ms-image \" aria-roledescription=\"slide\" data-date=\"2025-11-11 08:26:04\" data-filename=\"IMG_20251108_191145-scaled-900x650.jpg\" data-slide-type=\"image\"><img loading=\"lazy\" decoding=\"async\" src=\"https:\/\/feuerwehr-oedheim.de\/wp-content\/uploads\/2025\/11\/IMG_20251108_191145-scaled-900x650.jpg\" height=\"650\" width=\"900\" alt=\"\" class=\"slider-26452 slide-26472 msDefaultImage\" title=\"IMG_20251108_191145\" \/><\/li>\n                <li style=\"display: none; width: 100%;\" class=\"slide-26482 ms-image \" aria-roledescription=\"slide\" data-date=\"2025-11-11 08:32:24\" data-filename=\"IMG_20251108_191127-scaled-900x650.jpg\" data-slide-type=\"image\"><img loading=\"lazy\" decoding=\"async\" src=\"https:\/\/feuerwehr-oedheim.de\/wp-content\/uploads\/2025\/11\/IMG_20251108_191127-scaled-900x650.jpg\" height=\"650\" width=\"900\" alt=\"\" class=\"slider-26452 slide-26482 msDefaultImage\" title=\"IMG_20251108_191127\" \/><\/li>\n            <\/ul>\n        <\/div>\n        \n    <\/div>\n<\/div><\/div>\n","protected":false},"excerpt":{"rendered":"<p>Am 8. November 2025 fand der Kameradschaftsabend der Freiwilligen Feuerwehr Oedheim in der Kultur- und Festhalle Kochana statt. Kommandant Sven K\u00fcbler begr\u00fc\u00dfte zahlreiche G\u00e4ste, darunter B\u00fcrgermeister Matthias Schmitt, Vertreter des <a class=\"more-link\" href=\"https:\/\/feuerwehr-oedheim.de\/index.php\/2025\/11\/11\/kameradschaftsabend-der-feuerwehr-oedheim\/\">weiterlesen \u2192<\/a><\/p>\n","protected":false},"author":8,"featured_media":26485,"comment_status":"closed","ping_status":"closed","sticky":false,"template":"","format":"standard","meta":{"footnotes":""},"categories":[1],"tags":[450,212],"_links":{"self":[{"href":"https:\/\/feuerwehr-oedheim.de\/index.php\/wp-json\/wp\/v2\/posts\/26450"}],"collection":[{"href":"https:\/\/feuerwehr-oedheim.de\/index.php\/wp-json\/wp\/v2\/posts"}],"about":[{"href":"https:\/\/feuerwehr-oedheim.de\/index.php\/wp-json\/wp\/v2\/types\/post"}],"author":[{"embeddable":true,"href":"https:\/\/feuerwehr-oedheim.de\/index.php\/wp-json\/wp\/v2\/users\/8"}],"replies":[{"embeddable":true,"href":"https:\/\/feuerwehr-oedheim.de\/index.php\/wp-json\/wp\/v2\/comments?post=26450"}],"version-history":[{"count":3,"href":"https:\/\/feuerwehr-oedheim.de\/index.php\/wp-json\/wp\/v2\/posts\/26450\/revisions"}],"predecessor-version":[{"id":26486,"href":"https:\/\/feuerwehr-oedheim.de\/index.php\/wp-json\/wp\/v2\/posts\/26450\/revisions\/26486"}],"wp:featuredmedia":[{"embeddable":true,"href":"https:\/\/feuerwehr-oedheim.de\/index.php\/wp-json\/wp\/v2\/media\/26485"}],"wp:attachment":[{"href":"https:\/\/feuerwehr-oedheim.de\/index.php\/wp-json\/wp\/v2\/media?parent=26450"}],"wp:term":[{"taxonomy":"category","embeddable":true,"href":"https:\/\/feuerwehr-oedheim.de\/index.php\/wp-json\/wp\/v2\/categories?post=26450"},{"taxonomy":"post_tag","embeddable":true,"href":"https:\/\/feuerwehr-oedheim.de\/index.php\/wp-json\/wp\/v2\/tags?post=26450"}],"curies":[{"name":"wp","href":"https:\/\/api.w.org\/{rel}","templated":true}]}}